{"id":118824,"date":"2025-05-16T18:22:58","date_gmt":"2025-05-16T17:22:58","guid":{"rendered":"https:\/\/pointblanknews.com\/pbn\/?p=118824"},"modified":"2025-05-16T18:23:35","modified_gmt":"2025-05-16T17:23:35","slug":"finnish-police-charge-simon-ekpa-with-terrorism","status":"publish","type":"post","link":"https:\/\/pointblanknews.com\/pbn\/news\/finnish-police-charge-simon-ekpa-with-terrorism\/","title":{"rendered":"Finnish Police Charge Simon Ekpa With Terrorism"},"content":{"rendered":"<p>An NCP municipal politician is suspected of disseminating separatist propaganda that has led to violence. Finnish police have investigated the case together with Nigerian authorities.<\/p>\n<p class=\"Paragraph-styles__Paragraph-sc-2000a27d-0 Markdown-styles__Paragraph-sc-ac212e57-0 ihStoS hzcZLN yle__article__paragraph\">Lahti municipal politician\u00a0<strong class=\"Markdown-styles__Strong-sc-ac212e57-2 ksfAnJ yle__article__strong\">Simon Ekpa<\/strong>\u00a0has been charged with terrorism offences.<\/p>\n<p class=\"Paragraph-styles__Paragraph-sc-2000a27d-0 Markdown-styles__Paragraph-sc-ac212e57-0 ihStoS hzcZLN yle__article__paragraph\">Ekpa, a 40-year-old Nigerian-born entrepreneur, is still listed as a member of the city\u2019s public transit board, representing Prime Minister\u00a0<strong class=\"Markdown-styles__Strong-sc-ac212e57-2 ksfAnJ yle__article__strong\">Petteri Orpo<\/strong>\u2019s National Coalition Party. He has formerly served on three other local administrative boards.<\/p>\n<p class=\"Paragraph-styles__Paragraph-sc-2000a27d-0 Markdown-styles__Paragraph-sc-ac212e57-0 ihStoS hzcZLN yle__article__paragraph\">The Deputy Prosecutor General decided to charge Ekpa with public incitement to commit a crime with terrorist intent and participation in a terrorist group.<\/p>\n<p class=\"Paragraph-styles__Paragraph-sc-2000a27d-0 Markdown-styles__Paragraph-sc-ac212e57-0 ihStoS hzcZLN yle__article__paragraph\">According to the prosecutor, the charges relate to his activities aimed at re-establishing an independent state in Nigeria\u2019s Biafra region. It was briefly independent in the late 1960s.<\/p>\n<p class=\"Paragraph-styles__Paragraph-sc-2000a27d-0 Markdown-styles__Paragraph-sc-ac212e57-0 ihStoS hzcZLN yle__article__paragraph\">The charges are part of a larger investigation during which the Finnish National Bureau of Investigation detained five people. Four of them were suspected of providing financing for terrorist offences. These four were released during the preliminary investigation.<\/p>\n<p class=\"Paragraph-styles__Paragraph-sc-2000a27d-0 Markdown-styles__Paragraph-sc-ac212e57-0 ihStoS hzcZLN yle__article__paragraph\">The charges were filed on Friday morning. The case will be heard in P\u00e4ij\u00e4t-H\u00e4me District Court in Lahti. A hearing date has not yet been set.<\/p>\n<p class=\"Paragraph-styles__Paragraph-sc-2000a27d-0 Markdown-styles__Paragraph-sc-ac212e57-0 ihStoS hzcZLN yle__article__paragraph\">Ekpa is suspected of committing the crimes between August 2021 and November 2024.<\/p>\n<p class=\"Paragraph-styles__Paragraph-sc-2000a27d-0 Markdown-styles__Paragraph-sc-ac212e57-0 ihStoS hzcZLN yle__article__paragraph\">He is suspected of spreading separatist propaganda from his home in Lahti. The police are investigating the case together with Nigerian authorities, as Ekpa&#8217;s activities are believed to have led to violence and other crimes against civilians and authorities in southeastern Nigeria.<\/p>\n<p class=\"Paragraph-styles__Paragraph-sc-2000a27d-0 Markdown-styles__Paragraph-sc-ac212e57-0 ihStoS hzcZLN yle__article__paragraph\">Ekpa has been in custody since last November. He has denied committing any crimes.<\/p>\n<!-- AddThis Advanced Settings generic via filter on the_content --><!-- AddThis Share Buttons generic via filter on the_content --><!-- AddThis Related Posts generic via filter on the_content -->","protected":false},"excerpt":{"rendered":"<p>An NCP municipal politician is suspected of disseminating separatist propaganda that has led to violence. Finnish police have investigated the case together with Nigerian authorities. Lahti municipal politician\u00a0Simon Ekpa\u00a0has been&hellip;<!-- AddThis Advanced Settings generic via filter on wp_trim_excerpt --><!-- AddThis Share Buttons generic via filter on wp_trim_excerpt --><!-- AddThis Related Posts generic via filter on wp_trim_excerpt --><\/p>\n","protected":false},"author":1,"featured_media":118836,"comment_status":"open","ping_status":"open","sticky":false,"template":"","format":"standard","meta":{"_lmt_disableupdate":"no","_lmt_disable":"","footnotes":""},"categories":[5],"tags":[],"class_list":["post-118824","post","type-post","status-publish","format-standard","has-post-thumbnail","hentry","category-news"],"yoast_head":"<!-- This site is optimized with the Yoast SEO plugin v26.8 - https:\/\/yoast.com\/product\/yoast-seo-wordpress\/ -->\n<title>Finnish Police Charge Simon Ekpa With Terrorism - Pointblank News<\/title>\n<meta name=\"robots\" content=\"index, follow, max-snippet:-1, max-image-preview:large, max-video-preview:-1\" \/>\n<link rel=\"canonical\" href=\"https:\/\/pointblanknews.com\/pbn\/news\/finnish-police-charge-simon-ekpa-with-terrorism\/\" \/>\n<meta property=\"og:locale\" content=\"en_US\" \/>\n<meta property=\"og:type\" content=\"article\" \/>\n<meta property=\"og:title\" content=\"Finnish Police Charge Simon Ekpa With Terrorism - Pointblank News\" \/>\n<meta property=\"og:description\" content=\"An NCP municipal politician is suspected of disseminating separatist propaganda that has led to violence. Finnish police have investigated the case together with Nigerian authorities. Lahti municipal politician\u00a0Simon Ekpa\u00a0has been&hellip;\" \/>\n<meta property=\"og:url\" content=\"https:\/\/pointblanknews.com\/pbn\/news\/finnish-police-charge-simon-ekpa-with-terrorism\/\" \/>\n<meta property=\"og:site_name\" content=\"Pointblank News\" \/>\n<meta property=\"article:published_time\" content=\"2025-05-16T17:22:58+00:00\" \/>\n<meta property=\"article:modified_time\" content=\"2025-05-16T17:23:35+00:00\" \/>\n<meta property=\"og:image\" content=\"https:\/\/pointblanknews.com\/pbn\/wp-content\/uploads\/2025\/05\/Simon-Ekpa.jpg\" \/>\n\t<meta property=\"og:image:width\" content=\"980\" \/>\n\t<meta property=\"og:image:height\" content=\"551\" \/>\n\t<meta property=\"og:image:type\" content=\"image\/jpeg\" \/>\n<meta name=\"author\" content=\"Our Reporter\" \/>\n<meta name=\"twitter:label1\" content=\"Written by\" \/>\n\t<meta name=\"twitter:data1\" content=\"Our Reporter\" \/>\n\t<meta name=\"twitter:label2\" content=\"Est. reading time\" \/>\n\t<meta name=\"twitter:data2\" content=\"2 minutes\" \/>\n<script type=\"application\/ld+json\" class=\"yoast-schema-graph\">{\"@context\":\"https:\/\/schema.org\",\"@graph\":[{\"@type\":\"Article\",\"@id\":\"https:\/\/pointblanknews.com\/pbn\/news\/finnish-police-charge-simon-ekpa-with-terrorism\/#article\",\"isPartOf\":{\"@id\":\"https:\/\/pointblanknews.com\/pbn\/news\/finnish-police-charge-simon-ekpa-with-terrorism\/\"},\"author\":{\"name\":\"Our Reporter\",\"@id\":\"https:\/\/pointblanknews.com\/pbn\/#\/schema\/person\/ba61acbe7e8967bcf3f3ba603d9db23c\"},\"headline\":\"Finnish Police Charge Simon Ekpa With Terrorism\",\"datePublished\":\"2025-05-16T17:22:58+00:00\",\"dateModified\":\"2025-05-16T17:23:35+00:00\",\"mainEntityOfPage\":{\"@id\":\"https:\/\/pointblanknews.com\/pbn\/news\/finnish-police-charge-simon-ekpa-with-terrorism\/\"},\"wordCount\":268,\"commentCount\":0,\"image\":{\"@id\":\"https:\/\/pointblanknews.com\/pbn\/news\/finnish-police-charge-simon-ekpa-with-terrorism\/#primaryimage\"},\"thumbnailUrl\":\"https:\/\/pointblanknews.com\/pbn\/wp-content\/uploads\/2025\/05\/Simon-Ekpa.jpg\",\"articleSection\":[\"News\"],\"inLanguage\":\"en-US\",\"potentialAction\":[{\"@type\":\"CommentAction\",\"name\":\"Comment\",\"target\":[\"https:\/\/pointblanknews.com\/pbn\/news\/finnish-police-charge-simon-ekpa-with-terrorism\/#respond\"]}]},{\"@type\":\"WebPage\",\"@id\":\"https:\/\/pointblanknews.com\/pbn\/news\/finnish-police-charge-simon-ekpa-with-terrorism\/\",\"url\":\"https:\/\/pointblanknews.com\/pbn\/news\/finnish-police-charge-simon-ekpa-with-terrorism\/\",\"name\":\"Finnish Police Charge Simon Ekpa With Terrorism - Pointblank News\",\"isPartOf\":{\"@id\":\"https:\/\/pointblanknews.com\/pbn\/#website\"},\"primaryImageOfPage\":{\"@id\":\"https:\/\/pointblanknews.com\/pbn\/news\/finnish-police-charge-simon-ekpa-with-terrorism\/#primaryimage\"},\"image\":{\"@id\":\"https:\/\/pointblanknews.com\/pbn\/news\/finnish-police-charge-simon-ekpa-with-terrorism\/#primaryimage\"},\"thumbnailUrl\":\"https:\/\/pointblanknews.com\/pbn\/wp-content\/uploads\/2025\/05\/Simon-Ekpa.jpg\",\"datePublished\":\"2025-05-16T17:22:58+00:00\",\"dateModified\":\"2025-05-16T17:23:35+00:00\",\"author\":{\"@id\":\"https:\/\/pointblanknews.com\/pbn\/#\/schema\/person\/ba61acbe7e8967bcf3f3ba603d9db23c\"},\"breadcrumb\":{\"@id\":\"https:\/\/pointblanknews.com\/pbn\/news\/finnish-police-charge-simon-ekpa-with-terrorism\/#breadcrumb\"},\"inLanguage\":\"en-US\",\"potentialAction\":[{\"@type\":\"ReadAction\",\"target\":[\"https:\/\/pointblanknews.com\/pbn\/news\/finnish-police-charge-simon-ekpa-with-terrorism\/\"]}]},{\"@type\":\"ImageObject\",\"inLanguage\":\"en-US\",\"@id\":\"https:\/\/pointblanknews.com\/pbn\/news\/finnish-police-charge-simon-ekpa-with-terrorism\/#primaryimage\",\"url\":\"https:\/\/pointblanknews.com\/pbn\/wp-content\/uploads\/2025\/05\/Simon-Ekpa.jpg\",\"contentUrl\":\"https:\/\/pointblanknews.com\/pbn\/wp-content\/uploads\/2025\/05\/Simon-Ekpa.jpg\",\"width\":980,\"height\":551},{\"@type\":\"BreadcrumbList\",\"@id\":\"https:\/\/pointblanknews.com\/pbn\/news\/finnish-police-charge-simon-ekpa-with-terrorism\/#breadcrumb\",\"itemListElement\":[{\"@type\":\"ListItem\",\"position\":1,\"name\":\"Home\",\"item\":\"https:\/\/pointblanknews.com\/pbn\/\"},{\"@type\":\"ListItem\",\"position\":2,\"name\":\"Finnish Police Charge Simon Ekpa With Terrorism\"}]},{\"@type\":\"WebSite\",\"@id\":\"https:\/\/pointblanknews.com\/pbn\/#website\",\"url\":\"https:\/\/pointblanknews.com\/pbn\/\",\"name\":\"Pointblank News\",\"description\":\"Just the news\",\"potentialAction\":[{\"@type\":\"SearchAction\",\"target\":{\"@type\":\"EntryPoint\",\"urlTemplate\":\"https:\/\/pointblanknews.com\/pbn\/?s={search_term_string}\"},\"query-input\":{\"@type\":\"PropertyValueSpecification\",\"valueRequired\":true,\"valueName\":\"search_term_string\"}}],\"inLanguage\":\"en-US\"},{\"@type\":\"Person\",\"@id\":\"https:\/\/pointblanknews.com\/pbn\/#\/schema\/person\/ba61acbe7e8967bcf3f3ba603d9db23c\",\"name\":\"Our Reporter\",\"image\":{\"@type\":\"ImageObject\",\"inLanguage\":\"en-US\",\"@id\":\"https:\/\/pointblanknews.com\/pbn\/#\/schema\/person\/image\/\",\"url\":\"https:\/\/secure.gravatar.com\/avatar\/83b3820ef93d502ae3a617b2c881ca42?s=96&d=mm&r=g\",\"contentUrl\":\"https:\/\/secure.gravatar.com\/avatar\/83b3820ef93d502ae3a617b2c881ca42?s=96&d=mm&r=g\",\"caption\":\"Our Reporter\"},\"url\":\"https:\/\/pointblanknews.com\/pbn\/author\/admin\/\"}]}<\/script>\n<!-- \/ Yoast SEO plugin. -->","yoast_head_json":{"title":"Finnish Police Charge Simon Ekpa With Terrorism - Pointblank News","robots":{"index":"index","follow":"follow","max-snippet":"max-snippet:-1","max-image-preview":"max-image-preview:large","max-video-preview":"max-video-preview:-1"},"canonical":"https:\/\/pointblanknews.com\/pbn\/news\/finnish-police-charge-simon-ekpa-with-terrorism\/","og_locale":"en_US","og_type":"article","og_title":"Finnish Police Charge Simon Ekpa With Terrorism - Pointblank News","og_description":"An NCP municipal politician is suspected of disseminating separatist propaganda that has led to violence. Finnish police have investigated the case together with Nigerian authorities. Lahti municipal politician\u00a0Simon Ekpa\u00a0has been&hellip;","og_url":"https:\/\/pointblanknews.com\/pbn\/news\/finnish-police-charge-simon-ekpa-with-terrorism\/","og_site_name":"Pointblank News","article_published_time":"2025-05-16T17:22:58+00:00","article_modified_time":"2025-05-16T17:23:35+00:00","og_image":[{"width":980,"height":551,"url":"https:\/\/pointblanknews.com\/pbn\/wp-content\/uploads\/2025\/05\/Simon-Ekpa.jpg","type":"image\/jpeg"}],"author":"Our Reporter","twitter_misc":{"Written by":"Our Reporter","Est. reading time":"2 minutes"},"schema":{"@context":"https:\/\/schema.org","@graph":[{"@type":"Article","@id":"https:\/\/pointblanknews.com\/pbn\/news\/finnish-police-charge-simon-ekpa-with-terrorism\/#article","isPartOf":{"@id":"https:\/\/pointblanknews.com\/pbn\/news\/finnish-police-charge-simon-ekpa-with-terrorism\/"},"author":{"name":"Our Reporter","@id":"https:\/\/pointblanknews.com\/pbn\/#\/schema\/person\/ba61acbe7e8967bcf3f3ba603d9db23c"},"headline":"Finnish Police Charge Simon Ekpa With Terrorism","datePublished":"2025-05-16T17:22:58+00:00","dateModified":"2025-05-16T17:23:35+00:00","mainEntityOfPage":{"@id":"https:\/\/pointblanknews.com\/pbn\/news\/finnish-police-charge-simon-ekpa-with-terrorism\/"},"wordCount":268,"commentCount":0,"image":{"@id":"https:\/\/pointblanknews.com\/pbn\/news\/finnish-police-charge-simon-ekpa-with-terrorism\/#primaryimage"},"thumbnailUrl":"https:\/\/pointblanknews.com\/pbn\/wp-content\/uploads\/2025\/05\/Simon-Ekpa.jpg","articleSection":["News"],"inLanguage":"en-US","potentialAction":[{"@type":"CommentAction","name":"Comment","target":["https:\/\/pointblanknews.com\/pbn\/news\/finnish-police-charge-simon-ekpa-with-terrorism\/#respond"]}]},{"@type":"WebPage","@id":"https:\/\/pointblanknews.com\/pbn\/news\/finnish-police-charge-simon-ekpa-with-terrorism\/","url":"https:\/\/pointblanknews.com\/pbn\/news\/finnish-police-charge-simon-ekpa-with-terrorism\/","name":"Finnish Police Charge Simon Ekpa With Terrorism - Pointblank News","isPartOf":{"@id":"https:\/\/pointblanknews.com\/pbn\/#website"},"primaryImageOfPage":{"@id":"https:\/\/pointblanknews.com\/pbn\/news\/finnish-police-charge-simon-ekpa-with-terrorism\/#primaryimage"},"image":{"@id":"https:\/\/pointblanknews.com\/pbn\/news\/finnish-police-charge-simon-ekpa-with-terrorism\/#primaryimage"},"thumbnailUrl":"https:\/\/pointblanknews.com\/pbn\/wp-content\/uploads\/2025\/05\/Simon-Ekpa.jpg","datePublished":"2025-05-16T17:22:58+00:00","dateModified":"2025-05-16T17:23:35+00:00","author":{"@id":"https:\/\/pointblanknews.com\/pbn\/#\/schema\/person\/ba61acbe7e8967bcf3f3ba603d9db23c"},"breadcrumb":{"@id":"https:\/\/pointblanknews.com\/pbn\/news\/finnish-police-charge-simon-ekpa-with-terrorism\/#breadcrumb"},"inLanguage":"en-US","potentialAction":[{"@type":"ReadAction","target":["https:\/\/pointblanknews.com\/pbn\/news\/finnish-police-charge-simon-ekpa-with-terrorism\/"]}]},{"@type":"ImageObject","inLanguage":"en-US","@id":"https:\/\/pointblanknews.com\/pbn\/news\/finnish-police-charge-simon-ekpa-with-terrorism\/#primaryimage","url":"https:\/\/pointblanknews.com\/pbn\/wp-content\/uploads\/2025\/05\/Simon-Ekpa.jpg","contentUrl":"https:\/\/pointblanknews.com\/pbn\/wp-content\/uploads\/2025\/05\/Simon-Ekpa.jpg","width":980,"height":551},{"@type":"BreadcrumbList","@id":"https:\/\/pointblanknews.com\/pbn\/news\/finnish-police-charge-simon-ekpa-with-terrorism\/#breadcrumb","itemListElement":[{"@type":"ListItem","position":1,"name":"Home","item":"https:\/\/pointblanknews.com\/pbn\/"},{"@type":"ListItem","position":2,"name":"Finnish Police Charge Simon Ekpa With Terrorism"}]},{"@type":"WebSite","@id":"https:\/\/pointblanknews.com\/pbn\/#website","url":"https:\/\/pointblanknews.com\/pbn\/","name":"Pointblank News","description":"Just the news","potentialAction":[{"@type":"SearchAction","target":{"@type":"EntryPoint","urlTemplate":"https:\/\/pointblanknews.com\/pbn\/?s={search_term_string}"},"query-input":{"@type":"PropertyValueSpecification","valueRequired":true,"valueName":"search_term_string"}}],"inLanguage":"en-US"},{"@type":"Person","@id":"https:\/\/pointblanknews.com\/pbn\/#\/schema\/person\/ba61acbe7e8967bcf3f3ba603d9db23c","name":"Our Reporter","image":{"@type":"ImageObject","inLanguage":"en-US","@id":"https:\/\/pointblanknews.com\/pbn\/#\/schema\/person\/image\/","url":"https:\/\/secure.gravatar.com\/avatar\/83b3820ef93d502ae3a617b2c881ca42?s=96&d=mm&r=g","contentUrl":"https:\/\/secure.gravatar.com\/avatar\/83b3820ef93d502ae3a617b2c881ca42?s=96&d=mm&r=g","caption":"Our Reporter"},"url":"https:\/\/pointblanknews.com\/pbn\/author\/admin\/"}]}},"_links":{"self":[{"href":"https:\/\/pointblanknews.com\/pbn\/wp-json\/wp\/v2\/posts\/118824","targetHints":{"allow":["GET"]}}],"collection":[{"href":"https:\/\/pointblanknews.com\/pbn\/wp-json\/wp\/v2\/posts"}],"about":[{"href":"https:\/\/pointblanknews.com\/pbn\/wp-json\/wp\/v2\/types\/post"}],"author":[{"embeddable":true,"href":"https:\/\/pointblanknews.com\/pbn\/wp-json\/wp\/v2\/users\/1"}],"replies":[{"embeddable":true,"href":"https:\/\/pointblanknews.com\/pbn\/wp-json\/wp\/v2\/comments?post=118824"}],"version-history":[{"count":2,"href":"https:\/\/pointblanknews.com\/pbn\/wp-json\/wp\/v2\/posts\/118824\/revisions"}],"predecessor-version":[{"id":118838,"href":"https:\/\/pointblanknews.com\/pbn\/wp-json\/wp\/v2\/posts\/118824\/revisions\/118838"}],"wp:featuredmedia":[{"embeddable":true,"href":"https:\/\/pointblanknews.com\/pbn\/wp-json\/wp\/v2\/media\/118836"}],"wp:attachment":[{"href":"https:\/\/pointblanknews.com\/pbn\/wp-json\/wp\/v2\/media?parent=118824"}],"wp:term":[{"taxonomy":"category","embeddable":true,"href":"https:\/\/pointblanknews.com\/pbn\/wp-json\/wp\/v2\/categories?post=118824"},{"taxonomy":"post_tag","embeddable":true,"href":"https:\/\/pointblanknews.com\/pbn\/wp-json\/wp\/v2\/tags?post=118824"}],"curies":[{"name":"wp","href":"https:\/\/api.w.org\/{rel}","templated":true}]}}